{"id":34,"date":"2013-09-04T14:37:44","date_gmt":"2013-09-04T12:37:44","guid":{"rendered":"http:\/\/wordsandvideo.com\/blog\/?p=34"},"modified":"2013-09-13T13:05:41","modified_gmt":"2013-09-13T11:05:41","slug":"social-media-redaktion-fur-ach-krach-designburo","status":"publish","type":"post","link":"https:\/\/wordsandvideo.com\/en\/social-media-redaktion-fur-ach-krach-designburo\/","title":{"rendered":"Social Media und Redaktion f\u00fcr ACH &#038; KRACH DESIGNB\u00dcRO"},"content":{"rendered":"<p>Auf dem <a title=\"und &amp; und design blog\" href=\"http:\/\/www.undundundblog.wordpress.com\" target=\"_blank\">und &amp; und design blog<\/a> schreibe ich f\u00fcr <a title=\"ach &amp; krach Designb\u00fcro Hamburg\" href=\"http:\/\/www.achundkrach.de\/\" target=\"_blank\">ach &amp; krach<\/a> regelm\u00e4\u00dfig \u00fcber ausgefallene, witzige und oft unglaublich clevere Designideen. Die Welt ist voller schr\u00e4ger Dinge, es gibt also eine Menge zu entdecken. Schau doch einfach mal vorbei!<\/p>\n<p><a href=\"http:\/\/undundundblog.wordpress.com\/\"><img loading=\"lazy\" decoding=\"async\" class=\"alignnone size-large wp-image-35\" alt=\"undundund design blog by ach &amp; krach\" src=\"http:\/\/wordsandvideo.com\/blog\/wp-content\/uploads\/2013\/09\/ak_socialmedia-1024x565.png\" width=\"640\" height=\"353\" srcset=\"https:\/\/wordsandvideo.com\/wp-content\/uploads\/2013\/09\/ak_socialmedia-1024x565.png 1024w, https:\/\/wordsandvideo.com\/wp-content\/uploads\/2013\/09\/ak_socialmedia-300x165.png 300w, https:\/\/wordsandvideo.com\/wp-content\/uploads\/2013\/09\/ak_socialmedia.png 1330w\" sizes=\"(max-width: 640px) 100vw, 640px\" \/><\/a><\/p>\n<p>\u00dcbrigens: auch und &amp; und is powered by <a title=\"Wordpress\" href=\"http:\/\/www.wordpress.com\" target=\"_blank\">wordpress<\/a>. Die haben einfach die coolsten Themes und sind auch sonst immer am Puls der Zeit. Bei WordPress gibt es nichts, was es nicht gibt.<\/p>\n","protected":false},"excerpt":{"rendered":"<p>Auf dem und &amp; und design blog schreibe ich f\u00fcr ach &amp; krach regelm\u00e4\u00dfig \u00fcber ausgefallene, witzige und oft unglaublich clevere Designideen. Die Welt ist voller schr\u00e4ger Dinge, es gibt also eine Menge zu entdecken. Schau doch einfach mal vorbei! \u00dcbrigens: auch und &amp; und is powered by wordpress. Die haben einfach die coolsten Themes <a href=\"https:\/\/wordsandvideo.com\/en\/social-media-redaktion-fur-ach-krach-designburo\/\" rel=\"nofollow\"><span class=\"sr-only\">Read more about Social Media und Redaktion f\u00fcr ACH &#038; KRACH DESIGNB\u00dcRO<\/span>[&hellip;]<\/a><\/p>\n","protected":false},"author":1,"featured_media":0,"comment_status":"open","ping_status":"open","sticky":false,"template":"","format":"standard","meta":{"footnotes":"","_links_to":"","_links_to_target":""},"categories":[88,1,2],"tags":[41,44,37,36,43,40,38,73,35,34,42,33,193,39,65],"class_list":["post-34","post","type-post","status-publish","format-standard","hentry","category-curious","category-projects","category-text-idea","tag-ach-krach","tag-achundkrach-de","tag-blog","tag-design","tag-design-agency","tag-designburo","tag-facebook","tag-online","tag-recherche","tag-redaktion","tag-research","tag-social-media","tag-text","tag-twitter","tag-web"],"yoast_head":"<!-- This site is optimized with the Yoast SEO plugin v23.4 - https:\/\/yoast.com\/wordpress\/plugins\/seo\/ -->\n<title>Social Media und Redaktion f\u00fcr ACH &amp; KRACH DESIGNB\u00dcRO - Words and Video.com<\/title>\n<meta name=\"robots\" content=\"index, follow, max-snippet:-1, max-image-preview:large, max-video-preview:-1\" \/>\n<link rel=\"canonical\" href=\"https:\/\/wordsandvideo.com\/social-media-redaktion-fur-ach-krach-designburo\/\" \/>\n<meta property=\"og:locale\" content=\"en_US\" \/>\n<meta property=\"og:type\" content=\"article\" \/>\n<meta property=\"og:title\" content=\"Social Media und Redaktion f\u00fcr ACH &amp; KRACH DESIGNB\u00dcRO - Words and Video.com\" \/>\n<meta property=\"og:description\" content=\"Auf dem und &amp; und design blog schreibe ich f\u00fcr ach &amp; krach regelm\u00e4\u00dfig \u00fcber ausgefallene, witzige und oft unglaublich clevere Designideen. Die Welt ist voller schr\u00e4ger Dinge, es gibt also eine Menge zu entdecken. Schau doch einfach mal vorbei! \u00dcbrigens: auch und &amp; und is powered by wordpress. Die haben einfach die coolsten Themes Read more about Social Media und Redaktion f\u00fcr ACH &#038; KRACH DESIGNB\u00dcRO[&hellip;]\" \/>\n<meta property=\"og:url\" content=\"https:\/\/wordsandvideo.com\/social-media-redaktion-fur-ach-krach-designburo\/\" \/>\n<meta property=\"og:site_name\" content=\"Words and Video.com\" \/>\n<meta property=\"article:published_time\" content=\"2013-09-04T12:37:44+00:00\" \/>\n<meta property=\"article:modified_time\" content=\"2013-09-13T11:05:41+00:00\" \/>\n<meta property=\"og:image\" content=\"http:\/\/wordsandvideo.com\/blog\/wp-content\/uploads\/2013\/09\/ak_socialmedia-1024x565.png\" \/>\n<meta name=\"author\" content=\"admin\" \/>\n<meta name=\"twitter:card\" content=\"summary_large_image\" \/>\n<meta name=\"twitter:label1\" content=\"Written by\" \/>\n\t<meta name=\"twitter:data1\" content=\"admin\" \/>\n<script type=\"application\/ld+json\" class=\"yoast-schema-graph\">{\"@context\":\"https:\/\/schema.org\",\"@graph\":[{\"@type\":\"Article\",\"@id\":\"https:\/\/wordsandvideo.com\/social-media-redaktion-fur-ach-krach-designburo\/#article\",\"isPartOf\":{\"@id\":\"https:\/\/wordsandvideo.com\/social-media-redaktion-fur-ach-krach-designburo\/\"},\"author\":{\"name\":\"admin\",\"@id\":\"https:\/\/wordsandvideo.com\/#\/schema\/person\/3147c49b71424c8002bd6731b06929e3\"},\"headline\":\"Social Media und Redaktion f\u00fcr ACH &#038; KRACH DESIGNB\u00dcRO\",\"datePublished\":\"2013-09-04T12:37:44+00:00\",\"dateModified\":\"2013-09-13T11:05:41+00:00\",\"mainEntityOfPage\":{\"@id\":\"https:\/\/wordsandvideo.com\/social-media-redaktion-fur-ach-krach-designburo\/\"},\"wordCount\":86,\"commentCount\":0,\"publisher\":{\"@id\":\"https:\/\/wordsandvideo.com\/#organization\"},\"image\":{\"@id\":\"https:\/\/wordsandvideo.com\/social-media-redaktion-fur-ach-krach-designburo\/#primaryimage\"},\"thumbnailUrl\":\"http:\/\/wordsandvideo.com\/blog\/wp-content\/uploads\/2013\/09\/ak_socialmedia-1024x565.png\",\"keywords\":[\"ach &amp; krach\",\"achundkrach.de\",\"blog\",\"design\",\"design agency\",\"designb\u00fcro\",\"facebook\",\"online\",\"recherche\",\"redaktion\",\"research\",\"social media\",\"text\",\"twitter\",\"web\"],\"articleSection\":[\"curious stuff\",\"projects\",\"text\/idea\"],\"inLanguage\":\"en-US\",\"potentialAction\":[{\"@type\":\"CommentAction\",\"name\":\"Comment\",\"target\":[\"https:\/\/wordsandvideo.com\/social-media-redaktion-fur-ach-krach-designburo\/#respond\"]}]},{\"@type\":\"WebPage\",\"@id\":\"https:\/\/wordsandvideo.com\/social-media-redaktion-fur-ach-krach-designburo\/\",\"url\":\"https:\/\/wordsandvideo.com\/social-media-redaktion-fur-ach-krach-designburo\/\",\"name\":\"Social Media und Redaktion f\u00fcr ACH & KRACH DESIGNB\u00dcRO - Words and Video.com\",\"isPartOf\":{\"@id\":\"https:\/\/wordsandvideo.com\/#website\"},\"primaryImageOfPage\":{\"@id\":\"https:\/\/wordsandvideo.com\/social-media-redaktion-fur-ach-krach-designburo\/#primaryimage\"},\"image\":{\"@id\":\"https:\/\/wordsandvideo.com\/social-media-redaktion-fur-ach-krach-designburo\/#primaryimage\"},\"thumbnailUrl\":\"http:\/\/wordsandvideo.com\/blog\/wp-content\/uploads\/2013\/09\/ak_socialmedia-1024x565.png\",\"datePublished\":\"2013-09-04T12:37:44+00:00\",\"dateModified\":\"2013-09-13T11:05:41+00:00\",\"breadcrumb\":{\"@id\":\"https:\/\/wordsandvideo.com\/social-media-redaktion-fur-ach-krach-designburo\/#breadcrumb\"},\"inLanguage\":\"en-US\",\"potentialAction\":[{\"@type\":\"ReadAction\",\"target\":[\"https:\/\/wordsandvideo.com\/social-media-redaktion-fur-ach-krach-designburo\/\"]}]},{\"@type\":\"ImageObject\",\"inLanguage\":\"en-US\",\"@id\":\"https:\/\/wordsandvideo.com\/social-media-redaktion-fur-ach-krach-designburo\/#primaryimage\",\"url\":\"http:\/\/wordsandvideo.com\/blog\/wp-content\/uploads\/2013\/09\/ak_socialmedia-1024x565.png\",\"contentUrl\":\"http:\/\/wordsandvideo.com\/blog\/wp-content\/uploads\/2013\/09\/ak_socialmedia-1024x565.png\"},{\"@type\":\"BreadcrumbList\",\"@id\":\"https:\/\/wordsandvideo.com\/social-media-redaktion-fur-ach-krach-designburo\/#breadcrumb\",\"itemListElement\":[{\"@type\":\"ListItem\",\"position\":1,\"name\":\"Home\",\"item\":\"https:\/\/wordsandvideo.com\/\"},{\"@type\":\"ListItem\",\"position\":2,\"name\":\"Social Media und Redaktion f\u00fcr ACH &#038; KRACH DESIGNB\u00dcRO\"}]},{\"@type\":\"WebSite\",\"@id\":\"https:\/\/wordsandvideo.com\/#website\",\"url\":\"https:\/\/wordsandvideo.com\/\",\"name\":\"Words and Video.com\",\"description\":\"CREATING AND PRODUCING MEDIA CONTENT\",\"publisher\":{\"@id\":\"https:\/\/wordsandvideo.com\/#organization\"},\"potentialAction\":[{\"@type\":\"SearchAction\",\"target\":{\"@type\":\"EntryPoint\",\"urlTemplate\":\"https:\/\/wordsandvideo.com\/?s={search_term_string}\"},\"query-input\":{\"@type\":\"PropertyValueSpecification\",\"valueRequired\":true,\"valueName\":\"search_term_string\"}}],\"inLanguage\":\"en-US\"},{\"@type\":\"Organization\",\"@id\":\"https:\/\/wordsandvideo.com\/#organization\",\"name\":\"Words and Video.com\",\"url\":\"https:\/\/wordsandvideo.com\/\",\"logo\":{\"@type\":\"ImageObject\",\"inLanguage\":\"en-US\",\"@id\":\"https:\/\/wordsandvideo.com\/#\/schema\/logo\/image\/\",\"url\":\"https:\/\/wordsandvideo.com\/wp-content\/uploads\/2017\/06\/Logo_wordsandvideo_weiss_600.png\",\"contentUrl\":\"https:\/\/wordsandvideo.com\/wp-content\/uploads\/2017\/06\/Logo_wordsandvideo_weiss_600.png\",\"width\":497,\"height\":188,\"caption\":\"Words and Video.com\"},\"image\":{\"@id\":\"https:\/\/wordsandvideo.com\/#\/schema\/logo\/image\/\"}},{\"@type\":\"Person\",\"@id\":\"https:\/\/wordsandvideo.com\/#\/schema\/person\/3147c49b71424c8002bd6731b06929e3\",\"name\":\"admin\",\"image\":{\"@type\":\"ImageObject\",\"inLanguage\":\"en-US\",\"@id\":\"https:\/\/wordsandvideo.com\/#\/schema\/person\/image\/\",\"url\":\"https:\/\/secure.gravatar.com\/avatar\/79b2979a1b958f8eaf12a68e654b757f?s=96&d=blank&r=g\",\"contentUrl\":\"https:\/\/secure.gravatar.com\/avatar\/79b2979a1b958f8eaf12a68e654b757f?s=96&d=blank&r=g\",\"caption\":\"admin\"},\"url\":\"https:\/\/wordsandvideo.com\/en\/author\/admin\/\"}]}<\/script>\n<!-- \/ Yoast SEO plugin. -->","yoast_head_json":{"title":"Social Media und Redaktion f\u00fcr ACH & KRACH DESIGNB\u00dcRO - Words and Video.com","robots":{"index":"index","follow":"follow","max-snippet":"max-snippet:-1","max-image-preview":"max-image-preview:large","max-video-preview":"max-video-preview:-1"},"canonical":"https:\/\/wordsandvideo.com\/social-media-redaktion-fur-ach-krach-designburo\/","og_locale":"en_US","og_type":"article","og_title":"Social Media und Redaktion f\u00fcr ACH & KRACH DESIGNB\u00dcRO - Words and Video.com","og_description":"Auf dem und &amp; und design blog schreibe ich f\u00fcr ach &amp; krach regelm\u00e4\u00dfig \u00fcber ausgefallene, witzige und oft unglaublich clevere Designideen. Die Welt ist voller schr\u00e4ger Dinge, es gibt also eine Menge zu entdecken. Schau doch einfach mal vorbei! \u00dcbrigens: auch und &amp; und is powered by wordpress. Die haben einfach die coolsten Themes Read more about Social Media und Redaktion f\u00fcr ACH &#038; KRACH DESIGNB\u00dcRO[&hellip;]","og_url":"https:\/\/wordsandvideo.com\/social-media-redaktion-fur-ach-krach-designburo\/","og_site_name":"Words and Video.com","article_published_time":"2013-09-04T12:37:44+00:00","article_modified_time":"2013-09-13T11:05:41+00:00","og_image":[{"url":"http:\/\/wordsandvideo.com\/blog\/wp-content\/uploads\/2013\/09\/ak_socialmedia-1024x565.png"}],"author":"admin","twitter_card":"summary_large_image","twitter_misc":{"Written by":"admin"},"schema":{"@context":"https:\/\/schema.org","@graph":[{"@type":"Article","@id":"https:\/\/wordsandvideo.com\/social-media-redaktion-fur-ach-krach-designburo\/#article","isPartOf":{"@id":"https:\/\/wordsandvideo.com\/social-media-redaktion-fur-ach-krach-designburo\/"},"author":{"name":"admin","@id":"https:\/\/wordsandvideo.com\/#\/schema\/person\/3147c49b71424c8002bd6731b06929e3"},"headline":"Social Media und Redaktion f\u00fcr ACH &#038; KRACH DESIGNB\u00dcRO","datePublished":"2013-09-04T12:37:44+00:00","dateModified":"2013-09-13T11:05:41+00:00","mainEntityOfPage":{"@id":"https:\/\/wordsandvideo.com\/social-media-redaktion-fur-ach-krach-designburo\/"},"wordCount":86,"commentCount":0,"publisher":{"@id":"https:\/\/wordsandvideo.com\/#organization"},"image":{"@id":"https:\/\/wordsandvideo.com\/social-media-redaktion-fur-ach-krach-designburo\/#primaryimage"},"thumbnailUrl":"http:\/\/wordsandvideo.com\/blog\/wp-content\/uploads\/2013\/09\/ak_socialmedia-1024x565.png","keywords":["ach &amp; krach","achundkrach.de","blog","design","design agency","designb\u00fcro","facebook","online","recherche","redaktion","research","social media","text","twitter","web"],"articleSection":["curious stuff","projects","text\/idea"],"inLanguage":"en-US","potentialAction":[{"@type":"CommentAction","name":"Comment","target":["https:\/\/wordsandvideo.com\/social-media-redaktion-fur-ach-krach-designburo\/#respond"]}]},{"@type":"WebPage","@id":"https:\/\/wordsandvideo.com\/social-media-redaktion-fur-ach-krach-designburo\/","url":"https:\/\/wordsandvideo.com\/social-media-redaktion-fur-ach-krach-designburo\/","name":"Social Media und Redaktion f\u00fcr ACH & KRACH DESIGNB\u00dcRO - Words and Video.com","isPartOf":{"@id":"https:\/\/wordsandvideo.com\/#website"},"primaryImageOfPage":{"@id":"https:\/\/wordsandvideo.com\/social-media-redaktion-fur-ach-krach-designburo\/#primaryimage"},"image":{"@id":"https:\/\/wordsandvideo.com\/social-media-redaktion-fur-ach-krach-designburo\/#primaryimage"},"thumbnailUrl":"http:\/\/wordsandvideo.com\/blog\/wp-content\/uploads\/2013\/09\/ak_socialmedia-1024x565.png","datePublished":"2013-09-04T12:37:44+00:00","dateModified":"2013-09-13T11:05:41+00:00","breadcrumb":{"@id":"https:\/\/wordsandvideo.com\/social-media-redaktion-fur-ach-krach-designburo\/#breadcrumb"},"inLanguage":"en-US","potentialAction":[{"@type":"ReadAction","target":["https:\/\/wordsandvideo.com\/social-media-redaktion-fur-ach-krach-designburo\/"]}]},{"@type":"ImageObject","inLanguage":"en-US","@id":"https:\/\/wordsandvideo.com\/social-media-redaktion-fur-ach-krach-designburo\/#primaryimage","url":"http:\/\/wordsandvideo.com\/blog\/wp-content\/uploads\/2013\/09\/ak_socialmedia-1024x565.png","contentUrl":"http:\/\/wordsandvideo.com\/blog\/wp-content\/uploads\/2013\/09\/ak_socialmedia-1024x565.png"},{"@type":"BreadcrumbList","@id":"https:\/\/wordsandvideo.com\/social-media-redaktion-fur-ach-krach-designburo\/#breadcrumb","itemListElement":[{"@type":"ListItem","position":1,"name":"Home","item":"https:\/\/wordsandvideo.com\/"},{"@type":"ListItem","position":2,"name":"Social Media und Redaktion f\u00fcr ACH &#038; KRACH DESIGNB\u00dcRO"}]},{"@type":"WebSite","@id":"https:\/\/wordsandvideo.com\/#website","url":"https:\/\/wordsandvideo.com\/","name":"Words and Video.com","description":"CREATING AND PRODUCING MEDIA CONTENT","publisher":{"@id":"https:\/\/wordsandvideo.com\/#organization"},"potentialAction":[{"@type":"SearchAction","target":{"@type":"EntryPoint","urlTemplate":"https:\/\/wordsandvideo.com\/?s={search_term_string}"},"query-input":{"@type":"PropertyValueSpecification","valueRequired":true,"valueName":"search_term_string"}}],"inLanguage":"en-US"},{"@type":"Organization","@id":"https:\/\/wordsandvideo.com\/#organization","name":"Words and Video.com","url":"https:\/\/wordsandvideo.com\/","logo":{"@type":"ImageObject","inLanguage":"en-US","@id":"https:\/\/wordsandvideo.com\/#\/schema\/logo\/image\/","url":"https:\/\/wordsandvideo.com\/wp-content\/uploads\/2017\/06\/Logo_wordsandvideo_weiss_600.png","contentUrl":"https:\/\/wordsandvideo.com\/wp-content\/uploads\/2017\/06\/Logo_wordsandvideo_weiss_600.png","width":497,"height":188,"caption":"Words and Video.com"},"image":{"@id":"https:\/\/wordsandvideo.com\/#\/schema\/logo\/image\/"}},{"@type":"Person","@id":"https:\/\/wordsandvideo.com\/#\/schema\/person\/3147c49b71424c8002bd6731b06929e3","name":"admin","image":{"@type":"ImageObject","inLanguage":"en-US","@id":"https:\/\/wordsandvideo.com\/#\/schema\/person\/image\/","url":"https:\/\/secure.gravatar.com\/avatar\/79b2979a1b958f8eaf12a68e654b757f?s=96&d=blank&r=g","contentUrl":"https:\/\/secure.gravatar.com\/avatar\/79b2979a1b958f8eaf12a68e654b757f?s=96&d=blank&r=g","caption":"admin"},"url":"https:\/\/wordsandvideo.com\/en\/author\/admin\/"}]}},"_links":{"self":[{"href":"https:\/\/wordsandvideo.com\/en\/wp-json\/wp\/v2\/posts\/34"}],"collection":[{"href":"https:\/\/wordsandvideo.com\/en\/wp-json\/wp\/v2\/posts"}],"about":[{"href":"https:\/\/wordsandvideo.com\/en\/wp-json\/wp\/v2\/types\/post"}],"author":[{"embeddable":true,"href":"https:\/\/wordsandvideo.com\/en\/wp-json\/wp\/v2\/users\/1"}],"replies":[{"embeddable":true,"href":"https:\/\/wordsandvideo.com\/en\/wp-json\/wp\/v2\/comments?post=34"}],"version-history":[{"count":7,"href":"https:\/\/wordsandvideo.com\/en\/wp-json\/wp\/v2\/posts\/34\/revisions"}],"predecessor-version":[{"id":117,"href":"https:\/\/wordsandvideo.com\/en\/wp-json\/wp\/v2\/posts\/34\/revisions\/117"}],"wp:attachment":[{"href":"https:\/\/wordsandvideo.com\/en\/wp-json\/wp\/v2\/media?parent=34"}],"wp:term":[{"taxonomy":"category","embeddable":true,"href":"https:\/\/wordsandvideo.com\/en\/wp-json\/wp\/v2\/categories?post=34"},{"taxonomy":"post_tag","embeddable":true,"href":"https:\/\/wordsandvideo.com\/en\/wp-json\/wp\/v2\/tags?post=34"}],"curies":[{"name":"wp","href":"https:\/\/api.w.org\/{rel}","templated":true}]}}